{"id":1064,"date":"2025-08-18T13:56:54","date_gmt":"2025-08-18T11:56:54","guid":{"rendered":"https:\/\/bthubertus.com\/?p=1064"},"modified":"2025-08-18T13:59:34","modified_gmt":"2025-08-18T11:59:34","slug":"poludniowe-podlasie-31-08","status":"publish","type":"post","link":"https:\/\/bthubertus.com\/index.php\/2025\/08\/18\/poludniowe-podlasie-31-08\/","title":{"rendered":"Po\u0142udniowe Podlasie 31.08"},"content":{"rendered":"<style>.kadence-column1064_fd4750-5f > .kt-inside-inner-col,.kadence-column1064_fd4750-5f > .kt-inside-inner-col:before{border-top-left-radius:0px;border-top-right-radius:0px;border-bottom-right-radius:0px;border-bottom-left-radius:0px;}.kadence-column1064_fd4750-5f > .kt-inside-inner-col{column-gap:var(--global-kb-gap-sm, 1rem);}.kadence-column1064_fd4750-5f > .kt-inside-inner-col{flex-direction:column;}.kadence-column1064_fd4750-5f > .kt-inside-inner-col > .aligncenter{width:100%;}.kadence-column1064_fd4750-5f > .kt-inside-inner-col:before{opacity:0.3;}.kadence-column1064_fd4750-5f{position:relative;}@media all and (max-width: 1024px){.kadence-column1064_fd4750-5f > .kt-inside-inner-col{flex-direction:column;justify-content:center;}}@media all and (max-width: 767px){.kadence-column1064_fd4750-5f > .kt-inside-inner-col{flex-direction:column;justify-content:center;}}<\/style>\n<div class=\"wp-block-kadence-column kadence-column1064_fd4750-5f\"><div class=\"kt-inside-inner-col\"><style>.wp-block-kadence-spacer.kt-block-spacer-1064_a4d4a6-a1 .kt-block-spacer{height:60px;}.wp-block-kadence-spacer.kt-block-spacer-1064_a4d4a6-a1 .kt-divider{border-top-width:7px;height:1px;border-top-color:#247c15;width:100%;border-top-style:solid;}<\/style>\n<div class=\"wp-block-kadence-spacer aligncenter kt-block-spacer-1064_a4d4a6-a1\"><div class=\"kt-block-spacer kt-block-spacer-halign-center\"><hr class=\"kt-divider\"\/><\/div><\/div>\n<\/div><\/div>\n\n\n<style>.wp-block-kadence-advancedheading.kt-adv-heading1064_563ef1-42, .wp-block-kadence-advancedheading.kt-adv-heading1064_563ef1-42[data-kb-block=\"kb-adv-heading1064_563ef1-42\"]{font-style:normal;}.wp-block-kadence-advancedheading.kt-adv-heading1064_563ef1-42 mark.kt-highlight, .wp-block-kadence-advancedheading.kt-adv-heading1064_563ef1-42[data-kb-block=\"kb-adv-heading1064_563ef1-42\"] mark.kt-highlight{font-style:normal;color:#f76a0c;-webkit-box-decoration-break:clone;box-decoration-break:clone;padding-top:0px;padding-right:0px;padding-bottom:0px;padding-left:0px;}<\/style>\n<h2 class=\"kt-adv-heading1064_563ef1-42 wp-block-kadence-advancedheading\" data-kb-block=\"kb-adv-heading1064_563ef1-42\">Ze wzgl\u0119du na du\u017ce zainteresowanie wycieczk\u0105, kolejna edycja zostanie zorganizowana w terminie <strong>31 sierpnia 2025<\/strong>.<\/h2>\n\n\n\n<div style=\"font-family: Arial, sans-serif; background: #f8f9fa; border: 1px solid #ddd; border-radius: 8px; padding: 20px; max-width: 700px; margin: auto; line-height: 1.6;\">\n\n  <h2 style=\"color: #2c3e50; text-align: center; margin-top: 0;\">31 sierpnia 2025 \u2013 Po\u0142udniowe Podlasie<\/h2>\n\n  <p style=\"text-align: center; font-size: 1.1em; color: #555;\">\n    <strong>8:00 \u2013 Lublin, Plac Zamkowy<\/strong>\n  <\/p>\n\n  <ul style=\"padding-left: 20px; color: #333;\">\n    <li><strong>Roman\u00f3w:<\/strong> Muzeum J\u00f3zefa Ignacego Kraszewskiego.<\/li>\n    <li><strong>Wisznice:<\/strong> stary cmentarz z nagrobkami okolicznej szlachty i przedstawicieli rodu Kraszewskich.<\/li>\n    <li><strong>Horodyszcze Folwark:<\/strong> klasycystyczny pa\u0142ac Juliusza Frankowskiego z lat 1818\u20131824 (z zewn\u0105trz).<\/li>\n    <li><strong>Jab\u0142o\u0144:<\/strong> neogotycki pa\u0142ac Zamoyskich i Muzeum Augusta Zamoyskiego.<\/li>\n    <li><strong>Parczew:<\/strong> neogotycki ko\u015bci\u00f3\u0142 parafialny z pocz\u0105tku XX w. pw. \u015bw. Jana Chrzciciela.<\/li>\n    <li><em>Przerwa obiadowa we w\u0142asnym zakresie.<\/em><\/li>\n    <li><strong>Siemie\u0144 \u2013 Gospodarstwo Rybackie:<\/strong> Izba Pami\u0119ci Rybactwa, zabytkowy dw\u00f3r i spichlerz z XIX w.<\/li>\n  <\/ul>\n\n  <p style=\"text-align: center; font-size: 1.1em; color: #555;\">\n    <strong>ok. 20:30 \u2013 Lublin, Aleje Tysi\u0105clecia<\/strong>\n  <\/p>\n\n  <div style=\"background: #eaf4ff; border-radius: 6px; padding: 15px; margin-top: 15px; border: 1px solid #cce0ff;\">\n    <p style=\"margin: 0; font-size: 1.1em; color: #2c3e50;\">\n      <strong>Cena:<\/strong> 99 z\u0142 \/ 89 z\u0142 z Kart\u0105 Lubelskiego Seniora\n    <\/p>\n    <p style=\"margin: 5px 0 0; color: #333;\">\n      <strong>Cena zawiera:<\/strong> transport, ubezpieczenie, opiek\u0119 pilota\u2013przewodnika.<br>\n      <strong>Cena nie zawiera:<\/strong> bilet\u00f3w wst\u0119pu, wy\u017cywienia.\n    <\/p>\n  <\/div>\n\n<\/div>\n\n\n<style>.kadence-column1064_265ec4-34 > .kt-inside-inner-col,.kadence-column1064_265ec4-34 > .kt-inside-inner-col:before{border-top-left-radius:0px;border-top-right-radius:0px;border-bottom-right-radius:0px;border-bottom-left-radius:0px;}.kadence-column1064_265ec4-34 > .kt-inside-inner-col{column-gap:var(--global-kb-gap-sm, 1rem);}.kadence-column1064_265ec4-34 > .kt-inside-inner-col{flex-direction:column;}.kadence-column1064_265ec4-34 > .kt-inside-inner-col > .aligncenter{width:100%;}.kadence-column1064_265ec4-34 > .kt-inside-inner-col:before{opacity:0.3;}.kadence-column1064_265ec4-34{position:relative;}@media all and (max-width: 1024px){.kadence-column1064_265ec4-34 > .kt-inside-inner-col{flex-direction:column;justify-content:center;}}@media all and (max-width: 767px){.kadence-column1064_265ec4-34 > .kt-inside-inner-col{flex-direction:column;justify-content:center;}}<\/style>\n<div class=\"wp-block-kadence-column kadence-column1064_265ec4-34\"><div class=\"kt-inside-inner-col\">\n<div style=\"\n  width: 100%;\n  padding: 20px;\n  background-color: #ffefc2;\n  color: #333;\n  font-size: 20px;\n  font-weight: bold;\n  text-align: center;\n  border: 2px solid #f5c518;\n  border-radius: 8px;\n  margin: 20px 0;\n\">\n  Zapisy i wp\u0142aty przyjmujemy do 27.08.2025<br>\n  <span style=\"color: red;\">Uwaga: wycieczka odb\u0119dzie si\u0119 w razie uzbierania grupy min. 35 os\u00f3b<\/span>\n<\/div>\n\n<\/div><\/div>\n\n\n\n<figure class=\"wp-block-image size-large\"><img decoding=\"async\" src=\"https:\/\/i.ytimg.com\/vi\/gn0MS6K3l6k\/hq720.jpg?sqp=-oaymwE7CK4FEIIDSFryq4qpAy0IARUAAAAAGAElAADIQj0AgKJD8AEB-AH-CYAC0AWKAgwIABABGE4gZSgcMA8=&amp;rs=AOn4CLA2GUcTSlpw0opZl2xRX5mXcQ9E5w\" alt=\"\"\/><\/figure>\n","protected":false},"excerpt":{"rendered":"<p>Ze wzgl\u0119du na du\u017ce zainteresowanie wycieczk\u0105, kolejna edycja zostanie zorganizowana w terminie 31 sierpnia 2025. 31 sierpnia 2025 \u2013 Po\u0142udniowe Podlasie 8:00 \u2013 Lublin, Plac Zamkowy Roman\u00f3w: Muzeum J\u00f3zefa Ignacego Kraszewskiego. Wisznice: stary cmentarz z nagrobkami okolicznej szlachty i przedstawicieli rodu Kraszewskich. Horodyszcze Folwark: klasycystyczny pa\u0142ac Juliusza Frankowskiego z lat 1818\u20131824 (z zewn\u0105trz). Jab\u0142o\u0144: neogotycki&#8230;<\/p>\n","protected":false},"author":123463,"featured_media":0,"comment_status":"open","ping_status":"closed","sticky":false,"template":"","format":"standard","meta":{"_kad_post_transparent":"","_kad_post_title":"","_kad_post_layout":"","_kad_post_sidebar_id":"","_kad_post_content_style":"","_kad_post_vertical_padding":"","_kad_post_feature":"","_kad_post_feature_position":"","_kad_post_header":false,"_kad_post_footer":false,"footnotes":""},"categories":[1],"tags":[],"class_list":["post-1064","post","type-post","status-publish","format-standard","hentry","category-bez-kategorii"],"aioseo_notices":[],"_links":{"self":[{"href":"https:\/\/bthubertus.com\/index.php\/wp-json\/wp\/v2\/posts\/1064","targetHints":{"allow":["GET"]}}],"collection":[{"href":"https:\/\/bthubertus.com\/index.php\/wp-json\/wp\/v2\/posts"}],"about":[{"href":"https:\/\/bthubertus.com\/index.php\/wp-json\/wp\/v2\/types\/post"}],"author":[{"embeddable":true,"href":"https:\/\/bthubertus.com\/index.php\/wp-json\/wp\/v2\/users\/123463"}],"replies":[{"embeddable":true,"href":"https:\/\/bthubertus.com\/index.php\/wp-json\/wp\/v2\/comments?post=1064"}],"version-history":[{"count":2,"href":"https:\/\/bthubertus.com\/index.php\/wp-json\/wp\/v2\/posts\/1064\/revisions"}],"predecessor-version":[{"id":1067,"href":"https:\/\/bthubertus.com\/index.php\/wp-json\/wp\/v2\/posts\/1064\/revisions\/1067"}],"wp:attachment":[{"href":"https:\/\/bthubertus.com\/index.php\/wp-json\/wp\/v2\/media?parent=1064"}],"wp:term":[{"taxonomy":"category","embeddable":true,"href":"https:\/\/bthubertus.com\/index.php\/wp-json\/wp\/v2\/categories?post=1064"},{"taxonomy":"post_tag","embeddable":true,"href":"https:\/\/bthubertus.com\/index.php\/wp-json\/wp\/v2\/tags?post=1064"}],"curies":[{"name":"wp","href":"https:\/\/api.w.org\/{rel}","templated":true}]}}