{"id":579,"date":"2024-03-08T11:12:25","date_gmt":"2024-03-08T10:12:25","guid":{"rendered":"https:\/\/bthubertus.com\/?p=579"},"modified":"2024-03-08T11:12:25","modified_gmt":"2024-03-08T10:12:25","slug":"wycieczka-12-05-2024","status":"publish","type":"post","link":"https:\/\/bthubertus.com\/index.php\/2024\/03\/08\/wycieczka-12-05-2024\/","title":{"rendered":"Wycieczka 12.05.2024"},"content":{"rendered":"\n<p><\/p>\n\n\n\n<p><strong>Od Kra\u015bnika do Dwikozy<\/strong><\/p>\n\n\n\n<p>8.00 \u2013 <strong>Lublin<\/strong> \u2013 Plac Zamkowy;<\/p>\n\n\n\n<p><strong>Kra\u015bnik<\/strong> \u2013 Wzg\u00f3rze zamkowe &#8211; Zamczysko;<\/p>\n\n\n\n<p><strong>Olbi\u0119cin:<\/strong><\/p>\n\n\n\n<p><strong>&#8211; <\/strong>drewniany ko\u015bci\u00f3\u0142 parafialny pw. \u015awi\u0119tych Aposto\u0142\u00f3w Piotra<br>i Paw\u0142a<\/p>\n\n\n\n<p>&#8211; zesp\u00f3\u0142 dworsko-parkowy nale\u017c\u0105cy przed wojn\u0105 do konstruktora lotniczego in\u017c. Jerzego Rudlickiego, obecnie Specjalny O\u015brodek Szkolno-Wychowawczy;<\/p>\n\n\n\n<p><strong>Go\u015bcierad\u00f3w <\/strong>\u2013 zesp\u00f3\u0142 pa\u0142acowo-parkowy nale\u017c\u0105cy m.in. do rodziny Wybranowskich, a nast\u0119pnie Suchodolskich, obecnie Dom Pomocy Spo\u0142ecznej (z zewn\u0105trz),<\/p>\n\n\n\n<p><strong>\u0141any<\/strong> \u2013 \u201ePomnik przyrody \u017ar\u00f3dliska w \u0141anach\u201d, przerwa na pocz\u0119stunek piknikowy we w\u0142asnym zakresie;<\/p>\n\n\n\n<p><strong>Zawichost<\/strong>:<\/p>\n\n\n\n<p>&#8211; pokonanie Wis\u0142y promem,<\/p>\n\n\n\n<p>&#8211; zabytkowy wodowskaz z 1924 r.,<\/p>\n\n\n\n<p>&#8211; klasztorny ko\u015bci\u00f3\u0142 pw. \u015bw. Jana Chrzciciela z XIII wieku,<\/p>\n\n\n\n<p>&#8211; ko\u015bci\u00f3\u0142 parafialny pw. Wniebowzi\u0119cia Naj\u015bwi\u0119tszej Maryi Panny z XVII wieku postawiony na zr\u0119bach ko\u015bcio\u0142a XII wieku,<\/p>\n\n\n\n<p>&#8211; bunkier z I wojny \u015bwiatowej (1916);<\/p>\n\n\n\n<p><strong>Dwikozy<\/strong>:<\/p>\n\n\n\n<p>&#8211; Pomnik Powsta\u0144c\u00f3w Styczniowych, kt\u00f3ry powsta\u0142 dla upami\u0119tnienia bitwy stoczonej przez \u201ePu\u0142awiak\u00f3w\u201d 8 lutego 1863,<\/p>\n\n\n\n<p>&#8211; ko\u015bci\u00f3\u0142 parafialny pw. \u015bw. Andrzeja Boboli i \u015bw. Antoniego Pustelnika,<\/p>\n\n\n\n<p>Cena 99 z\u0142 \/ os <\/p>\n\n\n\n<p>Cena zawiera ; transport, ubezpieczenie opiek\u0119 pilota-przewodnika <\/p>\n\n\n\n<p>Cena nie zawiera bilet\u00f3w wst\u0119pu do zwiedzanych obiekt\u00f3w <\/p>\n","protected":false},"excerpt":{"rendered":"<p>Od Kra\u015bnika do Dwikozy 8.00 \u2013 Lublin \u2013 Plac Zamkowy; Kra\u015bnik \u2013 Wzg\u00f3rze zamkowe &#8211; Zamczysko; Olbi\u0119cin: &#8211; drewniany ko\u015bci\u00f3\u0142 parafialny pw. \u015awi\u0119tych Aposto\u0142\u00f3w Piotrai Paw\u0142a &#8211; zesp\u00f3\u0142 dworsko-parkowy nale\u017c\u0105cy przed wojn\u0105 do konstruktora lotniczego in\u017c. Jerzego Rudlickiego, obecnie Specjalny O\u015brodek Szkolno-Wychowawczy; Go\u015bcierad\u00f3w \u2013 zesp\u00f3\u0142 pa\u0142acowo-parkowy nale\u017c\u0105cy m.in. do rodziny Wybranowskich, a nast\u0119pnie Suchodolskich, obecnie&#8230;<\/p>\n","protected":false},"author":123463,"featured_media":0,"comment_status":"open","ping_status":"closed","sticky":false,"template":"","format":"standard","meta":{"_kad_post_transparent":"","_kad_post_title":"","_kad_post_layout":"","_kad_post_sidebar_id":"","_kad_post_content_style":"","_kad_post_vertical_padding":"","_kad_post_feature":"","_kad_post_feature_position":"","_kad_post_header":false,"_kad_post_footer":false,"footnotes":""},"categories":[3],"tags":[],"class_list":["post-579","post","type-post","status-publish","format-standard","hentry","category-wycieczka"],"aioseo_notices":[],"_links":{"self":[{"href":"https:\/\/bthubertus.com\/index.php\/wp-json\/wp\/v2\/posts\/579","targetHints":{"allow":["GET"]}}],"collection":[{"href":"https:\/\/bthubertus.com\/index.php\/wp-json\/wp\/v2\/posts"}],"about":[{"href":"https:\/\/bthubertus.com\/index.php\/wp-json\/wp\/v2\/types\/post"}],"author":[{"embeddable":true,"href":"https:\/\/bthubertus.com\/index.php\/wp-json\/wp\/v2\/users\/123463"}],"replies":[{"embeddable":true,"href":"https:\/\/bthubertus.com\/index.php\/wp-json\/wp\/v2\/comments?post=579"}],"version-history":[{"count":1,"href":"https:\/\/bthubertus.com\/index.php\/wp-json\/wp\/v2\/posts\/579\/revisions"}],"predecessor-version":[{"id":580,"href":"https:\/\/bthubertus.com\/index.php\/wp-json\/wp\/v2\/posts\/579\/revisions\/580"}],"wp:attachment":[{"href":"https:\/\/bthubertus.com\/index.php\/wp-json\/wp\/v2\/media?parent=579"}],"wp:term":[{"taxonomy":"category","embeddable":true,"href":"https:\/\/bthubertus.com\/index.php\/wp-json\/wp\/v2\/categories?post=579"},{"taxonomy":"post_tag","embeddable":true,"href":"https:\/\/bthubertus.com\/index.php\/wp-json\/wp\/v2\/tags?post=579"}],"curies":[{"name":"wp","href":"https:\/\/api.w.org\/{rel}","templated":true}]}}