{"id":641,"date":"2024-10-22T11:52:35","date_gmt":"2024-10-22T09:52:35","guid":{"rendered":"https:\/\/bthubertus.com\/?p=641"},"modified":"2024-10-22T11:52:35","modified_gmt":"2024-10-22T09:52:35","slug":"24-11-2024-dolina-wisly","status":"publish","type":"post","link":"https:\/\/bthubertus.com\/index.php\/2024\/10\/22\/24-11-2024-dolina-wisly\/","title":{"rendered":"24.11.2024  Dolina Wis\u0142y"},"content":{"rendered":"\n<p>24 listopad 2024<\/p>\n\n\n\n<p><strong>Dolin\u0105 Wis\u0142y<\/strong><\/p>\n\n\n\n<p>8.00 &#8211; <strong>Lublin<\/strong> \u2013 Plac Zamkowy,<\/p>\n\n\n\n<p>&#8211; <strong>Pu\u0142awy<\/strong>:<\/p>\n\n\n\n<p>&#8211; spacer po parku przypa\u0142acowym,<\/p>\n\n\n\n<p>&#8211; Muzeum Bada\u0144 Polarnych.<\/p>\n\n\n\n<p><strong>Go\u0142\u0105b<\/strong>:<\/p>\n\n\n\n<p>&#8211; ko\u015bci\u00f3\u0142 parafialny pw. \u015bw. Floriana i \u015bw. Katarzyny,<\/p>\n\n\n\n<p>&#8211; Dom Loreta\u0144ski.<\/p>\n\n\n\n<p><strong>D\u0119blin<\/strong>:<\/p>\n\n\n\n<p>&#8211; Muzeum Si\u0142 Powietrznych.<\/p>\n\n\n\n<p><strong>Maciejowice<\/strong>:<\/p>\n\n\n\n<p>&#8211; Muzeum im. Tadeusza Ko\u015bciuszki.<\/p>\n\n\n\n<p>&#8211; Podzamcze \u2013 Kamie\u0144 Tadeusza Ko\u015bciuszki,<\/p>\n\n\n\n<p>&#8211; Pomnik \u201eSosna Ko\u015bciuszki;<\/p>\n\n\n\n<p>20.00 &#8211; Lublin \u2013 Plac Zamkowy.<\/p>\n\n\n\n<p><strong>Cena 99 z\u0142<\/strong><\/p>\n\n\n\n<p><strong>Cena zawiera ; transport, ubezpieczenie , us\u0142ug\u0119 pilota \u2013<\/strong><\/p>\n\n\n\n<p><strong>przewodnika<\/strong><\/p>\n\n\n\n<p><strong>Cena nie zawiera bilet\u00f3w wst\u0119pu do zwiedzanych obiekt\u00f3w<\/strong><\/p>\n\n\n\n<p><strong>Zapisy i informacje pod nr 81 534 57 13<\/strong><\/p>\n\n\n\n<p><strong>Uwaga ! P\u0142atno\u015bci za wycieczk\u0119 przyjmujemy do 20.11.2024<\/strong> <\/p>\n\n\n\n<p><strong>Przy przelewach prosimy o podanie nr karty seniora <\/strong><\/p>\n\n\n\n<p><\/p>\n","protected":false},"excerpt":{"rendered":"<p>24 listopad 2024 Dolin\u0105 Wis\u0142y 8.00 &#8211; Lublin \u2013 Plac Zamkowy, &#8211; Pu\u0142awy: &#8211; spacer po parku przypa\u0142acowym, &#8211; Muzeum Bada\u0144 Polarnych. Go\u0142\u0105b: &#8211; ko\u015bci\u00f3\u0142 parafialny pw. \u015bw. Floriana i \u015bw. Katarzyny, &#8211; Dom Loreta\u0144ski. D\u0119blin: &#8211; Muzeum Si\u0142 Powietrznych. Maciejowice: &#8211; Muzeum im. Tadeusza Ko\u015bciuszki. &#8211; Podzamcze \u2013 Kamie\u0144 Tadeusza Ko\u015bciuszki, &#8211; Pomnik \u201eSosna&#8230;<\/p>\n","protected":false},"author":123463,"featured_media":0,"comment_status":"open","ping_status":"closed","sticky":false,"template":"","format":"standard","meta":{"_kad_post_transparent":"","_kad_post_title":"","_kad_post_layout":"","_kad_post_sidebar_id":"","_kad_post_content_style":"","_kad_post_vertical_padding":"","_kad_post_feature":"","_kad_post_feature_position":"","_kad_post_header":false,"_kad_post_footer":false,"footnotes":""},"categories":[3],"tags":[],"class_list":["post-641","post","type-post","status-publish","format-standard","hentry","category-wycieczka"],"aioseo_notices":[],"_links":{"self":[{"href":"https:\/\/bthubertus.com\/index.php\/wp-json\/wp\/v2\/posts\/641","targetHints":{"allow":["GET"]}}],"collection":[{"href":"https:\/\/bthubertus.com\/index.php\/wp-json\/wp\/v2\/posts"}],"about":[{"href":"https:\/\/bthubertus.com\/index.php\/wp-json\/wp\/v2\/types\/post"}],"author":[{"embeddable":true,"href":"https:\/\/bthubertus.com\/index.php\/wp-json\/wp\/v2\/users\/123463"}],"replies":[{"embeddable":true,"href":"https:\/\/bthubertus.com\/index.php\/wp-json\/wp\/v2\/comments?post=641"}],"version-history":[{"count":1,"href":"https:\/\/bthubertus.com\/index.php\/wp-json\/wp\/v2\/posts\/641\/revisions"}],"predecessor-version":[{"id":642,"href":"https:\/\/bthubertus.com\/index.php\/wp-json\/wp\/v2\/posts\/641\/revisions\/642"}],"wp:attachment":[{"href":"https:\/\/bthubertus.com\/index.php\/wp-json\/wp\/v2\/media?parent=641"}],"wp:term":[{"taxonomy":"category","embeddable":true,"href":"https:\/\/bthubertus.com\/index.php\/wp-json\/wp\/v2\/categories?post=641"},{"taxonomy":"post_tag","embeddable":true,"href":"https:\/\/bthubertus.com\/index.php\/wp-json\/wp\/v2\/tags?post=641"}],"curies":[{"name":"wp","href":"https:\/\/api.w.org\/{rel}","templated":true}]}}