{"id":677,"date":"2025-01-15T13:08:53","date_gmt":"2025-01-15T12:08:53","guid":{"rendered":"https:\/\/bthubertus.com\/?p=677"},"modified":"2025-03-28T16:01:53","modified_gmt":"2025-03-28T15:01:53","slug":"harmonogram-wycieczek-luty-czerwiec","status":"publish","type":"post","link":"https:\/\/bthubertus.com\/index.php\/2025\/01\/15\/harmonogram-wycieczek-luty-czerwiec\/","title":{"rendered":"Harmonogram Wycieczek Luty -Czerwiec"},"content":{"rendered":"\n<p class=\"has-theme-palette-2-color has-theme-palette-7-background-color has-text-color has-background has-link-color wp-elements-d015bedcccd6530562acdf7f5ab09608\"><em><strong>23 lutego 2025<\/strong><\/em><\/p>\n\n\n\n<p><strong><strong>Wyjazd z Placu Zamkowego o 8.00<\/strong><\/strong><\/p>\n\n\n\n<p class=\"has-medium-font-size\"><strong>Zapisy i p\u0142atno\u015bci przyjmujemy do 17.02.2025 <\/strong><\/p>\n\n\n\n<p><strong>Muzeum Warszawy<\/strong><\/p>\n\n\n\n<p><strong>Katedra na Pradze &#8211;<\/strong> Pw \u015aw . Micha\u0142a Archanio\u0142a i \u015aw Floriana M\u0119czennika<\/p>\n\n\n\n<p><strong>Pomnik Ko\u015bciuszkowc\u00f3w<\/strong><\/p>\n\n\n\n<p><strong>Spacer po Star\u00f3wce<\/strong><\/p>\n\n\n\n<p class=\"has-theme-palette-2-color has-theme-palette-7-background-color has-text-color has-background has-link-color wp-elements-98739e959fc96e3e4ceb6399e341d249\"><em><strong>28-30 marca 2025<\/strong><\/em><\/p>\n\n\n\n<p><em><strong>Zakopane<\/strong><\/em><\/p>\n\n\n\n<p>\u201eKrokusowa Wiosna w Stolicy Tatr\u201d<\/p>\n\n\n\n<p>Guba\u0142\u00f3wka, Krup\u00f3wki, Dolina Ko\u015bcieliska, spacer po Krakowie<\/p>\n\n\n\n<p class=\"has-theme-palette-2-color has-theme-palette-7-background-color has-text-color has-background has-link-color wp-elements-3a57a6dd5d5fcf5de573210507ea52cc\"><em><strong>27 kwietnia 2025<\/strong><\/em><\/p>\n\n\n\n<p class=\"has-medium-font-size\"><strong><em>Po\u0142udniowe Podlasie<\/em><\/strong><\/p>\n\n\n\n<p><strong>Wyjazd z Placu Zamkowego o 8.00<\/strong><\/p>\n\n\n\n<p><strong>Radzy\u0144 Podlaski<\/strong> \u2013 Pa\u0142ac Potockich, <strong>Jab\u0142eczna<\/strong> \u2013 m\u0119ski klasztor prawos\u0142awny, <strong>Kode\u0144<\/strong> \u2013 Sanktuarium Matki Boskiej Kr\u00f3lowej Podlasia, <strong>Kostom\u0142oty<\/strong> \u2013 cerkiew neo unicka.<\/p>\n\n\n\n<p class=\"has-medium-font-size\"><strong>Zapisy i p\u0142atno\u015bci przyjmujemy do 22.04.2025<\/strong><\/p>\n\n\n\n<p class=\"has-theme-palette-2-color has-theme-palette-7-background-color has-text-color has-background has-link-color wp-elements-94584f4ab860837493d814cbc908b5a3\"><em><strong>25 maja 2025<\/strong><\/em><\/p>\n\n\n\n<p class=\"has-medium-font-size\"><strong><em>P\u00f3\u0142nocne Podkarpackie<\/em><\/strong><\/p>\n\n\n\n<p><strong><strong>Wyjazd z Placu Zamkowego o 8.00<\/strong><\/strong><\/p>\n\n\n\n<p><strong>Be\u0142\u017cec<\/strong> \u2013 cerkiew \u015bw. Bazylego, <strong>Narol<\/strong> \u2013 pa\u0142ac \u0141osi\u00f3w, <strong>Brusno<\/strong> \u2013 bunkry \u201eLinii Mo\u0142otowa\u201d, <strong>Horyniec<\/strong> \u2013 spacer po Parku Zdrojowym, <strong>Radru\u017c<\/strong> \u2013 cerkiew \u015bw. Paraskewy, <strong>Be\u0142\u017cec<\/strong> &#8211; Muzeum i Miejsce Pami\u0119ci<br>w Be\u0142\u017ccu (tylko \u015aciana P\u0142aczu), <strong>Potoki <\/strong>\u2013 Mogi\u0142a pomordowanych Rom\u00f3w.<\/p>\n\n\n\n<p class=\"has-medium-font-size\"><strong>Zapisy i p\u0142atno\u015bci przyjmujemy do 19.05.2025 <\/strong><\/p>\n\n\n\n<p class=\"has-theme-palette-2-color has-theme-palette-7-background-color has-text-color has-background has-link-color wp-elements-7d5cf54dd3d3e477a2613ff360a5dd96\"><em><strong>22 czerwca 2025<\/strong><\/em><\/p>\n\n\n\n<p class=\"has-medium-font-size\"><strong><em>Warszawa<\/em><\/strong><\/p>\n\n\n\n<p><strong><strong>Wyjazd z Placu Zamkowego o 8.00<\/strong><\/strong><\/p>\n\n\n\n<p><strong>Kozienice<\/strong> \u2013 Pomnik W\u0142adys\u0142awa II Jagie\u0142\u0142y, <strong>Mniszew<\/strong> ko\u0142o Magnuszewa \u2013 Skansen Bojowy I Armii Wojska Polskiego, <strong>Otwock Wielki<\/strong> &#8211; Muzeum Wn\u0119trz w Pa\u0142acu Bieli\u0144skich, <strong>Warszawa<\/strong>: Koncert Chopinowski w Kr\u00f3lewskich \u0141azienkach i spacer po parku.<\/p>\n\n\n\n<p class=\"has-medium-font-size\"><strong>Zapisy i p\u0142atno\u015bci przyjmujemy do 16.06.2025<\/strong><\/p>\n\n\n\n<p class=\"has-theme-palette-8-background-color has-background has-medium-font-size\"><strong>Uwaga ! zastrzegamy sobie prawo do zmian punktu program\u00f3w z przyczyn niezale\u017cnych od nas<\/strong> .<\/p>\n\n\n\n<p class=\"has-theme-palette-1-color has-theme-palette-8-background-color has-text-color has-background has-link-color has-medium-font-size wp-elements-5d360d781698d26ae86fd1ad389795fe\"><strong>Cena wycieczek jednodniowych to 99 z\u0142  ,cena nie obejmuje bilet\u00f3w wst\u0119pu do zwiedzanych obiekt\u00f3w !<\/strong><\/p>\n\n\n\n<p><\/p>\n","protected":false},"excerpt":{"rendered":"<p>23 lutego 2025 Wyjazd z Placu Zamkowego o 8.00 Zapisy i p\u0142atno\u015bci przyjmujemy do 17.02.2025 Muzeum Warszawy Katedra na Pradze &#8211; Pw \u015aw . Micha\u0142a Archanio\u0142a i \u015aw Floriana M\u0119czennika Pomnik Ko\u015bciuszkowc\u00f3w Spacer po Star\u00f3wce 28-30 marca 2025 Zakopane \u201eKrokusowa Wiosna w Stolicy Tatr\u201d Guba\u0142\u00f3wka, Krup\u00f3wki, Dolina Ko\u015bcieliska, spacer po Krakowie 27 kwietnia 2025 Po\u0142udniowe&#8230;<\/p>\n","protected":false},"author":123463,"featured_media":0,"comment_status":"open","ping_status":"closed","sticky":false,"template":"","format":"standard","meta":{"_kad_post_transparent":"","_kad_post_title":"","_kad_post_layout":"","_kad_post_sidebar_id":"","_kad_post_content_style":"","_kad_post_vertical_padding":"","_kad_post_feature":"","_kad_post_feature_position":"","_kad_post_header":false,"_kad_post_footer":false,"footnotes":""},"categories":[3],"tags":[],"class_list":["post-677","post","type-post","status-publish","format-standard","hentry","category-wycieczka"],"aioseo_notices":[],"_links":{"self":[{"href":"https:\/\/bthubertus.com\/index.php\/wp-json\/wp\/v2\/posts\/677","targetHints":{"allow":["GET"]}}],"collection":[{"href":"https:\/\/bthubertus.com\/index.php\/wp-json\/wp\/v2\/posts"}],"about":[{"href":"https:\/\/bthubertus.com\/index.php\/wp-json\/wp\/v2\/types\/post"}],"author":[{"embeddable":true,"href":"https:\/\/bthubertus.com\/index.php\/wp-json\/wp\/v2\/users\/123463"}],"replies":[{"embeddable":true,"href":"https:\/\/bthubertus.com\/index.php\/wp-json\/wp\/v2\/comments?post=677"}],"version-history":[{"count":2,"href":"https:\/\/bthubertus.com\/index.php\/wp-json\/wp\/v2\/posts\/677\/revisions"}],"predecessor-version":[{"id":684,"href":"https:\/\/bthubertus.com\/index.php\/wp-json\/wp\/v2\/posts\/677\/revisions\/684"}],"wp:attachment":[{"href":"https:\/\/bthubertus.com\/index.php\/wp-json\/wp\/v2\/media?parent=677"}],"wp:term":[{"taxonomy":"category","embeddable":true,"href":"https:\/\/bthubertus.com\/index.php\/wp-json\/wp\/v2\/categories?post=677"},{"taxonomy":"post_tag","embeddable":true,"href":"https:\/\/bthubertus.com\/index.php\/wp-json\/wp\/v2\/tags?post=677"}],"curies":[{"name":"wp","href":"https:\/\/api.w.org\/{rel}","templated":true}]}}