{"id":716,"date":"2025-05-20T09:28:10","date_gmt":"2025-05-20T07:28:10","guid":{"rendered":"https:\/\/bthubertus.com\/?p=716"},"modified":"2025-05-20T09:28:10","modified_gmt":"2025-05-20T07:28:10","slug":"harmonogram-wycieczek-lipiec-wrzesien","status":"publish","type":"post","link":"https:\/\/bthubertus.com\/index.php\/2025\/05\/20\/harmonogram-wycieczek-lipiec-wrzesien\/","title":{"rendered":"Harmonogram wycieczek Lipiec &#8211; Wrzesie\u0144"},"content":{"rendered":"\n<p>Zapisy Przyjmujemy do 10 dnia ka\u017cdego miesi\u0105ca <\/p>\n\n\n\n<p>P\u0142atno\u015bci przyjmujemy w bie\u017c\u0105cym miesi\u0105cu wycieczki <\/p>\n\n\n\n<p><\/p>\n\n\n\n<p> Harmonogram wycieczek<\/p>\n\n\n\n<p><strong>20 lipca 2025 &#8211; <\/strong><strong>Roztocze<\/strong><\/p>\n\n\n\n<p>8.00 \u2013 <strong>Lublin<\/strong> \u2013 Plac Zamkowy<\/p>\n\n\n\n<p><strong>Tomasz\u00f3w Lubelski<\/strong>: z zewn\u0105trz: \u201eczajnia\u201d \u2013 herbaciarnia z 1885 r. murowana cerkiew<br>z 1890 r. pw. \u015bw. Miko\u0142aja, a nast\u0119pnie wej\u015bcie do modrzewiowego ko\u015bcio\u0142a z I po\u0142owy XVII wieku pw. Zwiastowania Naj\u015bwi\u0119tszej Maryi Panny<\/p>\n\n\n\n<p><strong>Rebizanty<\/strong>: przej\u015bcie \u015bcie\u017ck\u0105 Szumy na Tanwi,<\/p>\n\n\n\n<p><strong>J\u00f3zef\u00f3w<\/strong>: kamienio\u0142omy Babia Dolina, rynek z fontann\u0105,<\/p>\n\n\n\n<p><strong>Krasnobr\u00f3d<\/strong>: Sanktuarium Matki Boskiej Krasnobrodzkiej, Muzeum Wsi Krasnobrodzkiej, Kapliczka na Wodzie.<\/p>\n\n\n\n<p>ok 20.30 &#8211; <strong>Lublin <\/strong>\u2013 Aleje Tysi\u0105clecia.<\/p>\n\n\n\n<p><strong>Cena: <\/strong>99 z\u0142 \/ 89 z\u0142 z kart\u0105 Lubelskiego Seniora<\/p>\n\n\n\n<p><strong>Cena zwiera:<\/strong> transport , ubezpieczanie , opiek\u0119 pilota \u2013 przewodnika<\/p>\n\n\n\n<p><strong>Cena nie zawiera:<\/strong> bilet\u00f3w wst\u0119pu , wy\u017cywienia<\/p>\n\n\n\n<p><strong>17 sierpnia 2025 &#8211; Po\u0142udniowe Podlasie<\/strong><\/p>\n\n\n\n<p>8.00 &#8211; <strong>Lublin <\/strong>&#8211; Plac Zamkowy<\/p>\n\n\n\n<p><strong>Roman\u00f3w<\/strong> \u2013 Muzeum J\u00f3zefa Ignacego Kraszewskiego.<\/p>\n\n\n\n<p><strong>Wisznice<\/strong> \u2013 stary cmentarz z nagrobkami okolicznej szlachty i przedstawicieli rodu Kraszewskich;<\/p>\n\n\n\n<p><strong>Horodyszcze Folwark <\/strong>\u2013 klasycystyczny pa\u0142ac Juliusza Frankowskiego z lat 1818-1824 (z zewn\u0105trz);<\/p>\n\n\n\n<p><strong>Jab\u0142o\u0144: <\/strong>neogotyckipa\u0142ac Zamoyskich i Muzeum Augusta Zamoyskiego.<\/p>\n\n\n\n<p><strong>Parczew: <\/strong>neogotycki ko\u015bci\u00f3\u0142 parafialny z pocz\u0105tku XX w. pw. \u015bw. Jana Chrzciciela<\/p>\n\n\n\n<p>przerwa &#8211; obiad we w\u0142asnym zakresie<\/p>\n\n\n\n<p><strong>Siemie\u0144 <\/strong>&#8211; Gospodarstwo Rybackie: Izba Pami\u0119ci Rybactwa, zabytkowy dw\u00f3r i spichlerz z XIX wieku.<\/p>\n\n\n\n<p>ok 20.30 &#8211; <strong>Lublin <\/strong>\u2013 Aleje Tysi\u0105clecia.<\/p>\n\n\n\n<p><strong>Cena: <\/strong>99 z\u0142 \/ 89 z\u0142 z kart\u0105 Lubelskiego Seniora<\/p>\n\n\n\n<p><strong>Cena zwiera:<\/strong> transport , ubezpieczanie , opiek\u0119 pilota \u2013 przewodnika<\/p>\n\n\n\n<p><strong>Cena nie zawiera:<\/strong> bilet\u00f3w wst\u0119pu , wy\u017cywienia<\/p>\n\n\n\n<p><strong>21 wrze\u015bnia 2025 &#8211; Zamojszczyzna<\/strong><\/p>\n\n\n\n<p>8.00<strong> &#8211; Lublin \u2013 <\/strong>Plac Zamkowy<\/p>\n\n\n\n<p><strong>Zamo\u015b\u0107<\/strong> \u2013 zwiedzanie dawnej Twierdzy Zamo\u015b\u0107<\/p>\n\n\n\n<p><strong>Sochy<\/strong> \u2013 cmentarz pomordowanych mieszka\u0144c\u00f3w wsi z pacyfikacji 1 czerwca 1943 r.<\/p>\n\n\n\n<p><strong>Zwierzyniec<\/strong>: Stawy Echo, \u201eDom Plenipotenta\u201d \u2013 siedziba dyrektora RPN, \u201eKo\u015bci\u00f3\u0142 na Wodzie\u201d pw. \u015bw. Jana Nepomucena, spacer po centrum Zwierzy\u0144ca<\/p>\n\n\n\n<p><strong>Szczebrzeszyn<\/strong>: punkt widokowy na G\u00f3rze Zamkowej, dawna synagoga (z zewn\u0105trz), cerkiew pw. Za\u015bni\u0119cia Matki Boskiej, Rynek i Pomnik Chrz\u0105szcza<\/p>\n\n\n\n<p><strong>Radecznica<\/strong>: barokowy ko\u015bci\u00f3\u0142 pw. \u015bw. Antoniego przy klasztorze oo. Bernardyn\u00f3w, Kaplica \u015bw. Antoniego<\/p>\n\n\n\n<p><strong>Turobin<\/strong> \u2013 gotycko-renesansowy ko\u015bci\u00f3\u0142 parafialny pw. \u015bw. Dominika.<\/p>\n\n\n\n<p>ok. 20.00 \u2013 <strong>Lublin \u2013 <\/strong>Aleje Tysi\u0105clecia<\/p>\n\n\n\n<p><strong>Cena: <\/strong>99 z\u0142 \/ 89 z\u0142 z kart\u0105 Lubelskiego Seniora<\/p>\n\n\n\n<p><strong>Cena zwiera:<\/strong> transport , ubezpieczanie , opiek\u0119 pilota \u2013 przewodnika<\/p>\n\n\n\n<p><strong>Cena nie zawiera:<\/strong> bilet\u00f3w wst\u0119pu , wy\u017cywienia<\/p>\n","protected":false},"excerpt":{"rendered":"<p>Zapisy Przyjmujemy do 10 dnia ka\u017cdego miesi\u0105ca P\u0142atno\u015bci przyjmujemy w bie\u017c\u0105cym miesi\u0105cu wycieczki Harmonogram wycieczek 20 lipca 2025 &#8211; Roztocze 8.00 \u2013 Lublin \u2013 Plac Zamkowy Tomasz\u00f3w Lubelski: z zewn\u0105trz: \u201eczajnia\u201d \u2013 herbaciarnia z 1885 r. murowana cerkiewz 1890 r. pw. \u015bw. Miko\u0142aja, a nast\u0119pnie wej\u015bcie do modrzewiowego ko\u015bcio\u0142a z I po\u0142owy XVII wieku pw&#8230;.<\/p>\n","protected":false},"author":123463,"featured_media":0,"comment_status":"open","ping_status":"closed","sticky":false,"template":"","format":"standard","meta":{"_kad_post_transparent":"","_kad_post_title":"","_kad_post_layout":"","_kad_post_sidebar_id":"","_kad_post_content_style":"","_kad_post_vertical_padding":"","_kad_post_feature":"","_kad_post_feature_position":"","_kad_post_header":false,"_kad_post_footer":false,"footnotes":""},"categories":[3],"tags":[],"class_list":["post-716","post","type-post","status-publish","format-standard","hentry","category-wycieczka"],"aioseo_notices":[],"_links":{"self":[{"href":"https:\/\/bthubertus.com\/index.php\/wp-json\/wp\/v2\/posts\/716","targetHints":{"allow":["GET"]}}],"collection":[{"href":"https:\/\/bthubertus.com\/index.php\/wp-json\/wp\/v2\/posts"}],"about":[{"href":"https:\/\/bthubertus.com\/index.php\/wp-json\/wp\/v2\/types\/post"}],"author":[{"embeddable":true,"href":"https:\/\/bthubertus.com\/index.php\/wp-json\/wp\/v2\/users\/123463"}],"replies":[{"embeddable":true,"href":"https:\/\/bthubertus.com\/index.php\/wp-json\/wp\/v2\/comments?post=716"}],"version-history":[{"count":1,"href":"https:\/\/bthubertus.com\/index.php\/wp-json\/wp\/v2\/posts\/716\/revisions"}],"predecessor-version":[{"id":717,"href":"https:\/\/bthubertus.com\/index.php\/wp-json\/wp\/v2\/posts\/716\/revisions\/717"}],"wp:attachment":[{"href":"https:\/\/bthubertus.com\/index.php\/wp-json\/wp\/v2\/media?parent=716"}],"wp:term":[{"taxonomy":"category","embeddable":true,"href":"https:\/\/bthubertus.com\/index.php\/wp-json\/wp\/v2\/categories?post=716"},{"taxonomy":"post_tag","embeddable":true,"href":"https:\/\/bthubertus.com\/index.php\/wp-json\/wp\/v2\/tags?post=716"}],"curies":[{"name":"wp","href":"https:\/\/api.w.org\/{rel}","templated":true}]}}